{"id":9854,"date":"2026-04-30T01:00:00","date_gmt":"2026-04-30T07:00:00","guid":{"rendered":"https:\/\/dahlercostarica.com\/?p=9854"},"modified":"2026-04-16T18:29:59","modified_gmt":"2026-04-17T00:29:59","slug":"costa-rica-voyage-quatre-semaines","status":"publish","type":"post","link":"https:\/\/dahlercostarica.com\/fr\/non-categorise\/ein-monat-costa-rica-mit-offenen-augen-und-einer-kamera\/","title":{"rendered":"Un mois au Costa Rica \u2014 avec une cam\u00e9ra, les yeux grands ouverts et aucun plan fixe"},"content":{"rendered":"\n<p>Vingt-sept jours. Un pays. Aucun programme standard.<\/p>\n\n\n<div class=\"wp-block-image\">\n<figure class=\"aligncenter size-full\"><img fetchpriority=\"high\" decoding=\"async\" width=\"770\" height=\"570\" src=\"https:\/\/dahlercostarica.com\/wp-content\/uploads\/2026\/04\/Emanuel-Kolb-in-Costa-Rica.jpg\" alt=\"\" class=\"wp-image-9845\" srcset=\"https:\/\/dahlercostarica.com\/wp-content\/uploads\/2026\/04\/Emanuel-Kolb-in-Costa-Rica.jpg 770w, https:\/\/dahlercostarica.com\/wp-content\/uploads\/2026\/04\/Emanuel-Kolb-in-Costa-Rica-300x222.jpg 300w, https:\/\/dahlercostarica.com\/wp-content\/uploads\/2026\/04\/Emanuel-Kolb-in-Costa-Rica-768x569.jpg 768w\" sizes=\"(max-width: 770px) 100vw, 770px\" \/><\/figure>\n<\/div>\n\n\n<p>Emanuel et Celina Kolb sont r\u00e9alisateurs de films. Ils ne voyagent pas pour cocher des cases \u2014 ils voyagent pour voir, comprendre, raconter. Quand ils ont quitt\u00e9 la Suisse d\u00e9but mars, ils avaient une cam\u00e9ra, un sac \u00e0 dos et la volont\u00e9 de se laisser surprendre. Ce qui s&#8217;ensuivit fut un voyage \u00e0 travers un pays qui refuse de se laisser mettre en sc\u00e8ne \u2014 et c&#8217;est pr\u00e9cis\u00e9ment cela qui le rend inoubliable.<\/p>\n\n\n\n<p>Ce r\u00e9cit ne couvre pas chaque heure \u2014 mais les moments qui restent. Et il montre ce qui est possible quand quelqu&#8217;un qui conna\u00eet vraiment le pays ouvre les bonnes portes.<\/p>\n\n\n\n<figure class=\"wp-block-table\"><table class=\"has-fixed-layout\"><tbody><tr><td><strong>4\u20135 mars<\/strong><\/td><td><strong>San Jos\u00e9 &amp; Puriscal \u2014 arriv\u00e9e et aussit\u00f4t dans le vif<\/strong><\/td><\/tr><\/tbody><\/table><\/figure>\n\n\n\n<p><em>\ud83c\udfe8&nbsp; Homewood Suites by Hilton Cariari, San Jos\u00e9 \u00b7 2 nuits<\/em><\/p>\n\n\n\n<p>Ils atterrissent \u00e0 midi \u00e0 San Jos\u00e9. Pas d&#8217;accueil touristique. Le lendemain matin, direction une \u00e9cole primaire \u2014 pas un parc national.<\/p>\n\n\n\n<p>En collaboration avec le Rotary Club local, Swiss Tropical Tourism avait organis\u00e9 un don de fournitures scolaires \u00e0 Puriscal \u2014 livres, cahiers, mat\u00e9riels. Remis de main en main \u00e0 des enfants qui re\u00e7oivent rarement du mat\u00e9riel neuf. Celina avait sa cam\u00e9ra. Elle dira plus tard que c&#8217;est la premi\u00e8re image du voyage qui l&#8217;a vraiment touch\u00e9e.<\/p>\n\n\n\n<p>L&#8217;apr\u00e8s-midi du m\u00eame jour, toujours \u00e0 Puriscal: visite d&#8217;une fabrique de cigares. Des feuilles de tabac roul\u00e9es \u00e0 la main par des artisans qui ma\u00eetrisent le m\u00eame geste depuis trente ans. Emanuel a film\u00e9 les mains \u2014 rien que les mains. C&#8217;\u00e9tait suffisant.<\/p>\n\n\n\n<figure class=\"wp-block-table\"><table class=\"has-fixed-layout\"><tbody><tr><td><em>C&#8217;est le Costa Rica que Swiss Tropical Tourism veut montrer \u2014 pas celui des brochures brillantes, mais celui des vraies rencontres.<\/em><\/td><\/tr><\/tbody><\/table><\/figure>\n\n\n\n<figure class=\"wp-block-table\"><table class=\"has-fixed-layout\"><tbody><tr><td><strong>6\u20137 mars<\/strong><\/td><td><strong>Tortuguero \u2014 l\u00e0 o\u00f9 la route s&#8217;arr\u00eate dans l&#8217;eau<\/strong><\/td><\/tr><\/tbody><\/table><\/figure>\n\n\n\n<p><em>\ud83c\udfe8&nbsp; Mawamba Lodge \u00b7 2 nuits<\/em><\/p>\n\n\n\n<p>On n&#8217;arrive \u00e0 Tortuguero qu&#8217;en bateau. For\u00eat tropicale des deux c\u00f4t\u00e9s, l&#8217;eau parfaitement immobile au petit matin, un toucan dans les branches. Le parc national est l&#8217;un des sites de ponte les plus importants au monde pour les tortues marines.<\/p>\n\n\n\n<p>Une nuit: sortie avec un guide local en silence total, lampes frontales \u00e0 lumi\u00e8re rouge, \u00e0 trente m\u00e8tres d&#8217;une tortue verte de plus de cent kilos qui sort de la mer pour pondre. Pas un mot. Celina a pos\u00e9 sa cam\u00e9ra. Certaines images se font sans objectif.<\/p>\n\n\n\n<figure class=\"wp-block-table\"><table class=\"has-fixed-layout\"><tbody><tr><td><strong>8 mars<\/strong><\/td><td><strong>Rivi\u00e8re Pacuare \u2014 eaux vives entre for\u00eat tropicale<\/strong><\/td><\/tr><\/tbody><\/table><\/figure>\n\n\n\n<p><em>\ud83c\udfe8&nbsp; Ave Sol River Sanctuary \u00b7 1 nuit<\/em><\/p>\n\n\n\n<p>Le rafting sur le Pacuare n&#8217;est pas seulement du sport: c&#8217;est un voyage au c\u0153ur d&#8217;une for\u00eat tropicale qui pousse jusqu&#8217;au bord de l&#8217;eau. Cascades directement dans la rivi\u00e8re. Perroquets au-dessus des rapides. Entre deux passages, la rivi\u00e8re s&#8217;\u00e9largit et l&#8217;on n&#8217;entend que l&#8217;eau et les oiseaux.<\/p>\n\n\n\n<figure class=\"wp-block-table\"><table class=\"has-fixed-layout\"><tbody><tr><td><em>Le rafting sur le Pacuare est ce que Swiss Tropical Tourism entend par tourisme d&#8217;aventure: pas de l&#8217;adr\u00e9naline pour elle-m\u00eame, mais la nature dans sa version la plus intense.<\/em><\/td><\/tr><\/tbody><\/table><\/figure>\n\n\n\n<figure class=\"wp-block-table\"><table class=\"has-fixed-layout\"><tbody><tr><td><strong>9 mars<\/strong><\/td><td><strong>Punta Cocles \u2014 l&#8217;autre c\u00f4te Cara\u00efbe<\/strong><\/td><\/tr><\/tbody><\/table><\/figure>\n\n\n\n<p><em>\ud83c\udfe8&nbsp; Le Cameleon Hotel \u00b7 1 nuit<\/em><\/p>\n\n\n\n<p>Punta Cocles se trouve au sud de Puerto Viejo sur la c\u00f4te Cara\u00efbe \u2014 une plage qui ne ressemble pas \u00e0 ce que la plupart imaginent sous &#8216;Cara\u00efbes&#8217;. Pas de tourisme de masse. Le Cameleon est un petit h\u00f4tel design directement sur la plage. Une nuit qu&#8217;on n&#8217;oublie pas \u2014 surtout quand le matin commence avec une plage vide.<\/p>\n\n\n\n<figure class=\"wp-block-table\"><table class=\"has-fixed-layout\"><tbody><tr><td><strong>10 mars<\/strong><\/td><td><strong>Sarapiqu\u00ed \u2014 et la visite qui explique tout<\/strong><\/td><\/tr><\/tbody><\/table><\/figure>\n\n\n\n<p><em>\ud83c\udfe8&nbsp; Hotel El Bamb\u00fa, Puerto Viejo de Sarapiqu\u00ed \u00b7 1 nuit<\/em><\/p>\n\n\n\n<p>Sarapiqu\u00ed se trouve dans les basses terres cara\u00efbes, l\u00e0 o\u00f9 les rivi\u00e8res s&#8217;\u00e9largissent et la for\u00eat pousse sans retenue. Pour les cin\u00e9astes naturalistes, c&#8217;est un paradis: capucins \u00e0 face blanche, ca\u00efmans, martins-p\u00eacheurs.<\/p>\n\n\n\n<p>Ce jour-l\u00e0, une visite qui n&#8217;est pas une attraction touristique \u2014 et c&#8217;est pr\u00e9cis\u00e9ment pour cela qu&#8217;elle compte parmi les moments les plus marquants du voyage. La Finca Roswitha: la plantation d&#8217;ananas de la famille D\u00e4hler.<\/p>\n\n\n\n<p>Pour comprendre vraiment Swiss Tropical Tourism, il faut venir ici. L&#8217;histoire commence dans les ann\u00e9es 1970, quand Johann D\u00e4hler \u2014 Suisse, entrepreneur, visionnaire \u2014 \u00e9migra en Afrique de l&#8217;Ouest et y construisit un empire de l&#8217;ananas. En Suisse, on le connaissait comme le &#8216;Roi de l&#8217;ananas&#8217;. Apr\u00e8s des troubles politiques, la famille quitta l&#8217;Afrique et trouva un nouveau foyer au Costa Rica. Ce qui commen\u00e7a comme un projet agricole est aujourd&#8217;hui une grande finca avec ananas, moringa, cacao et \u00e9levage de buffles.<\/p>\n\n\n\n<p>Emanuel et Celina ont \u00e9t\u00e9 guid\u00e9s \u00e0 travers la plantation. Rang\u00e9es d&#8217;ananas sous le soleil tropical, fruits lourds et m\u00fbrs. L&#8217;histoire de la famille se raconte chemin faisant.<\/p>\n\n\n\n<figure class=\"wp-block-table\"><table class=\"has-fixed-layout\"><tbody><tr><td><em>Les D\u00e4hler ne sont pas venus au Costa Rica pour vendre des tours \u2014 ils sont venus pour rester. Ceux qui visitent la Finca Roswitha comprennent pourquoi Swiss Tropical Tourism est diff\u00e9rent.<\/em><\/td><\/tr><\/tbody><\/table><\/figure>\n\n\n\n<figure class=\"wp-block-table\"><table class=\"has-fixed-layout\"><tbody><tr><td><strong>11\u201312 mars<\/strong><\/td><td><strong>Parc national Braulio Carrillo \u2014 jungle sans compromis<\/strong><\/td><\/tr><\/tbody><\/table><\/figure>\n\n\n\n<p><em>\ud83c\udfe8&nbsp; Tapirus Lodge \u00b7 2 nuits<\/em><\/p>\n\n\n\n<p>Braulio Carrillo n&#8217;est pas un parc pour touristes. C&#8217;est l&#8217;un des plus anciens et des moins am\u00e9nag\u00e9s du Costa Rica \u2014 for\u00eat dense, pentes raides, nuages qui traversent la for\u00eat de l&#8217;int\u00e9rieur. Deux nuits au rythme de la for\u00eat: lever t\u00f4t, chants d&#8217;oiseaux avant le caf\u00e9. Costa Rica abrite plus de 900 esp\u00e8ces d&#8217;oiseaux \u2014 davantage que toute l&#8217;Europe r\u00e9unie.<\/p>\n\n\n\n<figure class=\"wp-block-table\"><table class=\"has-fixed-layout\"><tbody><tr><td><strong>13 mars<\/strong><\/td><td><strong>Plaines du Nord \u2014 zones humides et biodiversit\u00e9<\/strong><\/td><\/tr><\/tbody><\/table><\/figure>\n\n\n\n<p><em>\ud83c\udfe8&nbsp; La Laguna del Lagarto Lodge \u00b7 1 nuit<\/em><\/p>\n\n\n\n<p>For\u00eats de plaine au nord de Braulio Carrillo, pr\u00e8s de la fronti\u00e8re nicaraguayenne. Zones humides, lagunes, jungle. Aras, toucans, martins-p\u00eacheurs. Une nuit courte \u2014 qui semble pourtant longue quand on se retrouve \u00e0 cinq heures du matin sur le ponton, la brume pos\u00e9e sur l&#8217;eau.<\/p>\n\n\n\n<figure class=\"wp-block-table\"><table class=\"has-fixed-layout\"><tbody><tr><td><strong>14\u201316 mars<\/strong><\/td><td><strong>La Fortuna &amp; Arenal \u2014 trois jours, trois visages<\/strong><\/td><\/tr><\/tbody><\/table><\/figure>\n\n\n\n<p><em>\ud83c\udfe8&nbsp; Arenal Roca Lodge \u00b7 Los Lagos Hotel \u00b7 El Fog\u00f3n de Chela<\/em><\/p>\n\n\n\n<p>Trois nuits dans la r\u00e9gion de l&#8217;Arenal \u2014 mais pas au m\u00eame endroit. Swiss Tropical Tourism le sait: la r\u00e9gion est si diverse qu&#8217;un seul h\u00f4tel ne lui rendrait pas justice. L&#8217;Arenal Roca pour le premier regard brut sur le volcan. Los Lagos pour les sources thermales et la r\u00e9cup\u00e9ration apr\u00e8s des journ\u00e9es intenses. Et El Fog\u00f3n de Chela \u2014 une petite pension familiale en bordure du parc national \u2014 pour comprendre ce que &#8216;dormir sur place&#8217; signifie vraiment.<\/p>\n\n\n\n<p><em>[INTERN: IMAGE 5 ici \u2014 Volcan Arenal au lever du soleil ou sources thermales La Fortuna]<\/em><\/p>\n\n\n\n<figure class=\"wp-block-table\"><table class=\"has-fixed-layout\"><tbody><tr><td><strong>17\u201318 mars<\/strong><\/td><td><strong>Rinc\u00f3n de la Vieja \u2014 l\u00e0 o\u00f9 la terre bouillonne<\/strong><\/td><\/tr><\/tbody><\/table><\/figure>\n\n\n\n<p><em>\ud83c\udfe8&nbsp; Casa Rural Aroma de Campo \u00b7 2 nuits<\/em><\/p>\n\n\n\n<p>Moins connu que l&#8217;Arenal \u2014 et c&#8217;est pr\u00e9cis\u00e9ment pour \u00e7a qu&#8217;il vaut le d\u00e9tour. Marmites de boue qui gargouillent, fumerolles qui s&#8217;\u00e9chappent du sol, cascades dans des bassins intacts. La Casa Rural Aroma de Campo n&#8217;est pas un lodge au sens classique \u2014 c&#8217;est une finca qui accueille des h\u00f4tes. Chevaux, poules, matin avec lait frais et pain maison.<\/p>\n\n\n\n<figure class=\"wp-block-table\"><table class=\"has-fixed-layout\"><tbody><tr><td><strong>19\u201320 mars<\/strong><\/td><td><strong>Volcan Tenorio \u2014 cacao, R\u00edo Celeste et eau turquoise<\/strong><\/td><\/tr><\/tbody><\/table><\/figure>\n\n\n\n<p><em>\ud83c\udfe8&nbsp; Finca Amistad Cacao Lodge \u00b7 2 nuits<\/em><\/p>\n\n\n\n<p>Le R\u00edo Celeste est l&#8217;un des sites naturels les plus connus du Costa Rica \u2014 une rivi\u00e8re dont l&#8217;eau prend une couleur turquoise irr\u00e9elle gr\u00e2ce aux min\u00e9raux volcaniques. La Finca Amistad Cacao Lodge lie deux mondes: la nature g\u00e9othermique du volcan et l&#8217;agriculture douce d&#8217;une finca de cacao.<\/p>\n\n\n\n<figure class=\"wp-block-table\"><table class=\"has-fixed-layout\"><tbody><tr><td><strong>21 mars<\/strong><\/td><td><strong>Ca\u00f1as \u2014 entre Pacifique et llanos<\/strong><\/td><\/tr><\/tbody><\/table><\/figure>\n\n\n\n<p><em>\ud83c\udfe8&nbsp; Hacienda La Pac\u00edfica \u00b7 1 nuit<\/em><\/p>\n\n\n\n<p>La Hacienda La Pac\u00edfica \u00e0 Ca\u00f1as est une institution: l&#8217;une des plus anciennes haciendas du Costa Rica, avec des projets de protection animale et sa propre r\u00e9serve naturelle. Une pause \u2014 et une rencontre avec l&#8217;autre visage du Costa Rica, les plaines chaudes et s\u00e8ches du Guanacaste.<\/p>\n\n\n\n<figure class=\"wp-block-table\"><table class=\"has-fixed-layout\"><tbody><tr><td><strong>22\u201323 mars<\/strong><\/td><td><strong>Santa Juana \u2014 village de montagne, caf\u00e9 et vie authentique<\/strong><\/td><\/tr><\/tbody><\/table><\/figure>\n\n\n\n<p><em>\ud83c\udfe8&nbsp; Santa Juana Lodge Rural Mountain Adventure Tour \u00b7 2 nuits<\/em><\/p>\n\n\n\n<p>Naranjito et la r\u00e9gion de Santa Juana ne sont pas une destination touristique au sens classique \u2014 et c&#8217;est leur plus grand atout. Le lodge travaille directement avec la communaut\u00e9 locale: agriculteurs de caf\u00e9 qui expliquent le chemin du fruit \u00e0 la tasse. Familles qui cuisinent ce qu&#8217;elles cultivent. Pour Emanuel et Celina, c&#8217;est l&#8217;un des moments les plus humains du voyage.<\/p>\n\n\n\n<figure class=\"wp-block-table\"><table class=\"has-fixed-layout\"><tbody><tr><td><strong>24\u201327 mars<\/strong><\/td><td><strong>Drake Bay &amp; p\u00e9ninsule d&#8217;Osa \u2014 le Costa Rica le plus sauvage<\/strong><\/td><\/tr><\/tbody><\/table><\/figure>\n\n\n\n<p><em>\ud83c\udfe8&nbsp; Aguila de Osa \u00b7 4 nuits<\/em><\/p>\n\n\n\n<p>La p\u00e9ninsule d&#8217;Osa est consid\u00e9r\u00e9e par les biologistes comme l&#8217;une des r\u00e9gions les plus riches en esp\u00e8ces de la plan\u00e8te. National Geographic l&#8217;a qualifi\u00e9e de &#8216;lieu biologiquement le plus intense de la Terre&#8217;. Quatre nuits \u00e0 Drake Bay, \u00e0 l&#8217;Aguila de Osa \u2014 l&#8217;un des lodges les plus r\u00e9put\u00e9s de la r\u00e9gion, avec acc\u00e8s direct au parc national de Corcovado.<\/p>\n\n\n\n<p>Ce qui attend ici ne se r\u00e9sume pas en liste: pumas qui traversent les sentiers la nuit, aras \u00e9carlates qui volent en couple au-dessus de la jungle, dauphins \u00e0 l&#8217;aube sur le bateau. Et le parc Corcovado \u2014 l&#8217;une des derni\u00e8res for\u00eats primaires d&#8217;Am\u00e9rique centrale, difficile d&#8217;acc\u00e8s, silencieuse, r\u00e9elle.<\/p>\n\n\n\n<p>Pour des cin\u00e9astes comme Emanuel et Celina, ces quatre jours sont la raison pour laquelle tout le voyage existe. La lumi\u00e8re est diff\u00e9rente ici. L&#8217;air est diff\u00e9rent. Et le silence est si dense qu&#8217;on pourrait presque le toucher.<\/p>\n\n\n\n<figure class=\"wp-block-table\"><table class=\"has-fixed-layout\"><tbody><tr><td><em>Drake Bay et la p\u00e9ninsule d&#8217;Osa ne sont pas pour tout le monde \u2014 mais pour tous ceux qui veulent vraiment comprendre ce que signifie la nature tropicale. Swiss Tropical Tourism conna\u00eet les lodges, les guides et les sentiers qui font la diff\u00e9rence ici.<\/em><\/td><\/tr><\/tbody><\/table><\/figure>\n\n\n\n<figure class=\"wp-block-table\"><table class=\"has-fixed-layout\"><tbody><tr><td><strong>28\u201329 mars<\/strong><\/td><td><strong>San Gerardo de Dota \u2014 le Quetzal et la conclusion<\/strong><\/td><\/tr><\/tbody><\/table><\/figure>\n\n\n\n<p><em>\ud83c\udfe8&nbsp; Trogon Lodge \u00b7 2 nuits<\/em><\/p>\n\n\n\n<p>La derni\u00e8re \u00e9tape monte haut dans les montagnes \u2014 vers San Gerardo de Dota, une petite vall\u00e9e dans la Cordillera de Talamanca \u00e0 plus de 2 000 m\u00e8tres. Le Trogon Lodge porte le nom d&#8217;un oiseau \u2014 et ce n&#8217;est pas un hasard. San Gerardo de Dota est l&#8217;un des endroits les plus fiables du monde pour observer le Resplendent Quetzal: l&#8217;oiseau sacr\u00e9 des Mayas, avec ses plumes vertes impossibles et sa longue queue ondulante.<\/p>\n\n\n\n<p>Le premier matin, avant le petit-d\u00e9jeuner, ils le trouvent. Pos\u00e9 tranquillement dans un aguacatillo, il mange, \u00e0 peine bougeant. Celina avait le 400mm. Elle prend trente photos. L&#8217;une d&#8217;elles sera l&#8217;image du voyage.<\/p>\n\n\n\n<p>Deux jours dans la fra\u00eeche for\u00eat nuageuse, avec randonn\u00e9es et air pur. Le 29 mars, retour \u00e0 San Jos\u00e9. Le 30, le vol de retour vers la Suisse.<\/p>\n\n\n\n<figure class=\"wp-block-table\"><table class=\"has-fixed-layout\"><tbody><tr><td><strong>\ud83d\udccd L&#8217;itin\u00e9raire complet \u2014 4 au 29 mars 2026<\/strong><\/td><\/tr><tr><td><\/td><\/tr><tr><td>&nbsp; 4\u20135 mars&nbsp; &nbsp; San Jos\u00e9 \/ Puriscal&nbsp; &nbsp; &nbsp; Homewood Suites Cariari \u00b7 don livres \u00b7 fabrique cigares<\/td><\/tr><tr><td>&nbsp; 6\u20137 mars&nbsp; &nbsp; Tortuguero NP&nbsp; &nbsp; &nbsp; &nbsp; &nbsp; &nbsp; Mawamba Lodge \u00b7 tortues \u00b7 canaux<\/td><\/tr><tr><td>&nbsp; 8 mars&nbsp; &nbsp; &nbsp; Rivi\u00e8re Pacuare&nbsp; &nbsp; &nbsp; &nbsp; &nbsp; Ave Sol River Sanctuary \u00b7 rafting<\/td><\/tr><tr><td>&nbsp; 9 mars&nbsp; &nbsp; &nbsp; Punta Cocles \/ Cara\u00efbes&nbsp; Le Cameleon Hotel<\/td><\/tr><tr><td>&nbsp; 10 mars &nbsp; &nbsp; Sarapiqu\u00ed&nbsp; &nbsp; &nbsp; &nbsp; &nbsp; &nbsp; &nbsp; &nbsp; Hotel El Bamb\u00fa \u00b7 Finca Roswitha (famille D\u00e4hler)<\/td><\/tr><tr><td>&nbsp; 11\u201312 mars&nbsp; Braulio Carrillo NP&nbsp; &nbsp; &nbsp; Tapirus Lodge \u00b7 jungle \u00b7 observation oiseaux<\/td><\/tr><tr><td>&nbsp; 13 mars &nbsp; &nbsp; Plaines du Nord&nbsp; &nbsp; &nbsp; &nbsp; &nbsp; La Laguna del Lagarto Lodge<\/td><\/tr><tr><td>&nbsp; 14 mars &nbsp; &nbsp; La Fortuna \/ Arenal&nbsp; &nbsp; &nbsp; Arenal Roca Lodge<\/td><\/tr><tr><td>&nbsp; 15 mars &nbsp; &nbsp; La Fortuna \/ Arenal&nbsp; &nbsp; &nbsp; Los Lagos Hotel Resort &amp; Spa<\/td><\/tr><tr><td>&nbsp; 16 mars &nbsp; &nbsp; Arenal Volcano NP&nbsp; &nbsp; &nbsp; &nbsp; El Fog\u00f3n de Chela<\/td><\/tr><tr><td>&nbsp; 17\u201318 mars&nbsp; Rinc\u00f3n de la Vieja NP&nbsp; &nbsp; Casa Rural Aroma de Campo<\/td><\/tr><tr><td>&nbsp; 19\u201320 mars&nbsp; Tenorio Volcano NP &nbsp; &nbsp; &nbsp; Finca Amistad Cacao Lodge<\/td><\/tr><tr><td>&nbsp; 21 mars &nbsp; &nbsp; Ca\u00f1as&nbsp; &nbsp; &nbsp; &nbsp; &nbsp; &nbsp; &nbsp; &nbsp; &nbsp; &nbsp; Hacienda La Pac\u00edfica<\/td><\/tr><tr><td>&nbsp; 22\u201323 mars&nbsp; Naranjito \/ Santa Juana&nbsp; Santa Juana Lodge<\/td><\/tr><tr><td>&nbsp; 24\u201327 mars&nbsp; Drake Bay \/ Osa&nbsp; &nbsp; &nbsp; &nbsp; &nbsp; Aguila de Osa<\/td><\/tr><tr><td>&nbsp; 28\u201329 mars&nbsp; San Gerardo de Dota&nbsp; &nbsp; &nbsp; Trogon Lodge \u00b7 Quetzal<\/td><\/tr><tr><td>&nbsp; 30 mars &nbsp; &nbsp; Vol retour depuis San Jos\u00e9<\/td><\/tr><tr><td><\/td><\/tr><tr><td>&nbsp; Dur\u00e9e totale: 26 nuits&nbsp; |&nbsp; 16 h\u00e9bergements diff\u00e9rents<\/td><\/tr><tr><td>&nbsp; Style de voyage: intensif \u00b7 1\u20132 nuits par \u00e9tape \u00b7 toujours proche de la nature<\/td><\/tr><tr><td><\/td><\/tr><\/tbody><\/table><\/figure>\n\n\n\n<p><strong>Ce qui a rendu ce voyage possible<\/strong><\/p>\n\n\n\n<p>Un voyage comme celui-ci ne na\u00eet pas d&#8217;un catalogue. Seize h\u00e9bergements diff\u00e9rents, un don de livres le premier jour, la plantation de la famille fondatrice, le rafting sur le Pacuare, quatre nuits \u00e0 Drake Bay \u2014 aucun algorithme ne planifie cela. C&#8217;est quelqu&#8217;un qui conna\u00eet le Costa Rica de l&#8217;int\u00e9rieur.<\/p>\n\n\n\n<p>Swiss Tropical Tourism n&#8217;a pas simplement r\u00e9serv\u00e9 des h\u00f4tels pour Emanuel et Celina. La famille D\u00e4hler a organis\u00e9 le contact avec le Rotary Club, rendu possible la visite de la fabrique de cigares \u00e0 Puriscal, ouvert la Finca Roswitha et s\u00e9lectionn\u00e9 les guides \u00e0 Tortuguero, Braulio Carrillo et Drake Bay \u2014 des guides dont le savoir ne vient pas de livres, mais du quotidien v\u00e9cu.<\/p>\n\n\n\n<p>C&#8217;est la diff\u00e9rence entre un voyage et une exp\u00e9rience. Et c&#8217;est pr\u00e9cis\u00e9ment cela qui est difficile \u00e0 googler.<\/p>\n\n\n\n<p>\u2714&nbsp; Un voyage comme celui-ci n&#8217;est pas un produit de masse \u2014 il est sur mesure. Le v\u00f4tre n&#8217;a pas besoin de lui ressembler.<\/p>\n\n\n\n<p>\u2714&nbsp; Puriscal, Sarapiqu\u00ed, Santa Juana, Drake Bay: ce ne sont pas des destinations touristiques \u2014 ce sont des endroits que l&#8217;on ne trouve qu&#8217;avec les bons contacts.<\/p>\n\n\n\n<p>\u2714&nbsp; Observer les oiseaux au Costa Rica n&#8217;est pas un loisir de retrait\u00e9 \u2014 c&#8217;est une rencontre avec 900 esp\u00e8ces qui n&#8217;existent nulle part ailleurs r\u00e9unies.<\/p>\n\n\n\n<p>\u2714&nbsp; Int\u00e9grer des projets sociaux dans un voyage ne co\u00fbte rien \u2014 et rapporte plus que n&#8217;importe quelle attraction.\u2714&nbsp; Visiter la Finca Roswitha: pas comme une excursion, mais comme une compr\u00e9hension. Celui qui veut conna\u00eetre Swiss Tropical Tourism doit venir ici.<\/p>\n","protected":false},"excerpt":{"rendered":"<p>Vingt-sept jours. Un pays. Aucun programme standard. Emanuel et Celina Kolb sont r\u00e9alisateurs de films. Ils ne voyagent pas pour cocher des cases \u2014 ils voyagent pour voir, comprendre, raconter. Quand ils ont quitt\u00e9 la Suisse d\u00e9but mars, ils avaient une cam\u00e9ra, un sac \u00e0 dos et la volont\u00e9 de se laisser surprendre. Ce qui&#8230;<\/p>\n","protected":false},"author":2,"featured_media":9853,"comment_status":"closed","ping_status":"open","sticky":false,"template":"","format":"standard","meta":{"_monsterinsights_skip_tracking":false,"_monsterinsights_sitenote_active":false,"_monsterinsights_sitenote_note":"","_monsterinsights_sitenote_category":0,"footnotes":""},"categories":[157],"tags":[],"class_list":["post-9854","post","type-post","status-publish","format-standard","has-post-thumbnail","hentry","category-non-categorise","th-blog blog-single has-post-thumbnail"],"yoast_head":"<!-- This site is optimized with the Yoast SEO plugin v27.5 - https:\/\/yoast.com\/product\/yoast-seo-wordpress\/ -->\n<title>Un mois au Costa Rica \u2014 avec une cam\u00e9ra et les yeux grands ouverts<\/title>\n<meta name=\"description\" content=\"Don de livres, fabrique de cigares, plantation ananas et nature sauvage: Emanuel et Celina ont travers\u00e9 le Costa Rica en 4 semaines loin des sentiers battus. Un r\u00e9cit de voyage pour s&#039;inspirer.\" \/>\n<meta name=\"robots\" content=\"index, follow, max-snippet:-1, max-image-preview:large, max-video-preview:-1\" \/>\n<link rel=\"canonical\" href=\"https:\/\/dahlercostarica.com\/fr\/non-categorise\/ein-monat-costa-rica-mit-offenen-augen-und-einer-kamera\/\" \/>\n<meta property=\"og:locale\" content=\"fr_FR\" \/>\n<meta property=\"og:type\" content=\"article\" \/>\n<meta property=\"og:title\" content=\"Un mois au Costa Rica \u2014 avec une cam\u00e9ra et les yeux grands ouverts\" \/>\n<meta property=\"og:description\" content=\"Don de livres, fabrique de cigares, plantation ananas et nature sauvage: Emanuel et Celina ont travers\u00e9 le Costa Rica en 4 semaines loin des sentiers battus. Un r\u00e9cit de voyage pour s&#039;inspirer.\" \/>\n<meta property=\"og:url\" content=\"https:\/\/dahlercostarica.com\/fr\/non-categorise\/ein-monat-costa-rica-mit-offenen-augen-und-einer-kamera\/\" \/>\n<meta property=\"og:site_name\" content=\"Swiss Tropical Tourism\" \/>\n<meta property=\"article:publisher\" content=\"https:\/\/www.facebook.com\/SwissTropicalTourism\" \/>\n<meta property=\"article:published_time\" content=\"2026-04-30T07:00:00+00:00\" \/>\n<meta property=\"og:image\" content=\"https:\/\/dahlercostarica.com\/wp-content\/uploads\/2026\/04\/Emanuel-Kolb-in-Costa-Rica-auf-Dahler-Finca.jpg\" \/>\n\t<meta property=\"og:image:width\" content=\"770\" \/>\n\t<meta property=\"og:image:height\" content=\"570\" \/>\n\t<meta property=\"og:image:type\" content=\"image\/jpeg\" \/>\n<meta name=\"author\" content=\"Guillermo V\u00edquez\" \/>\n<meta name=\"twitter:card\" content=\"summary_large_image\" \/>\n<meta name=\"twitter:label1\" content=\"\u00c9crit par\" \/>\n\t<meta name=\"twitter:data1\" content=\"Guillermo V\u00edquez\" \/>\n\t<meta name=\"twitter:label2\" content=\"Dur\u00e9e de lecture estim\u00e9e\" \/>\n\t<meta name=\"twitter:data2\" content=\"12 minutes\" \/>\n<script type=\"application\/ld+json\" class=\"yoast-schema-graph\">{\"@context\":\"https:\\\/\\\/schema.org\",\"@graph\":[{\"@type\":\"Article\",\"@id\":\"https:\\\/\\\/dahlercostarica.com\\\/fr\\\/non-categorise\\\/ein-monat-costa-rica-mit-offenen-augen-und-einer-kamera\\\/#article\",\"isPartOf\":{\"@id\":\"https:\\\/\\\/dahlercostarica.com\\\/fr\\\/non-categorise\\\/ein-monat-costa-rica-mit-offenen-augen-und-einer-kamera\\\/\"},\"author\":{\"name\":\"Guillermo V\u00edquez\",\"@id\":\"https:\\\/\\\/dahlercostarica.com\\\/fr\\\/#\\\/schema\\\/person\\\/f8895988daa8cc0dbcd4a00415f012af\"},\"headline\":\"Un mois au Costa Rica \u2014 avec une cam\u00e9ra, les yeux grands ouverts et aucun plan fixe\",\"datePublished\":\"2026-04-30T07:00:00+00:00\",\"mainEntityOfPage\":{\"@id\":\"https:\\\/\\\/dahlercostarica.com\\\/fr\\\/non-categorise\\\/ein-monat-costa-rica-mit-offenen-augen-und-einer-kamera\\\/\"},\"wordCount\":2397,\"image\":{\"@id\":\"https:\\\/\\\/dahlercostarica.com\\\/fr\\\/non-categorise\\\/ein-monat-costa-rica-mit-offenen-augen-und-einer-kamera\\\/#primaryimage\"},\"thumbnailUrl\":\"https:\\\/\\\/dahlercostarica.com\\\/wp-content\\\/uploads\\\/2026\\\/04\\\/Emanuel-Kolb-in-Costa-Rica-auf-Dahler-Finca.jpg\",\"articleSection\":[\"Non cat\u00e9goris\u00e9\"],\"inLanguage\":\"fr-FR\"},{\"@type\":\"WebPage\",\"@id\":\"https:\\\/\\\/dahlercostarica.com\\\/fr\\\/non-categorise\\\/ein-monat-costa-rica-mit-offenen-augen-und-einer-kamera\\\/\",\"url\":\"https:\\\/\\\/dahlercostarica.com\\\/fr\\\/non-categorise\\\/ein-monat-costa-rica-mit-offenen-augen-und-einer-kamera\\\/\",\"name\":\"Un mois au Costa Rica \u2014 avec une cam\u00e9ra et les yeux grands ouverts\",\"isPartOf\":{\"@id\":\"https:\\\/\\\/dahlercostarica.com\\\/fr\\\/#website\"},\"primaryImageOfPage\":{\"@id\":\"https:\\\/\\\/dahlercostarica.com\\\/fr\\\/non-categorise\\\/ein-monat-costa-rica-mit-offenen-augen-und-einer-kamera\\\/#primaryimage\"},\"image\":{\"@id\":\"https:\\\/\\\/dahlercostarica.com\\\/fr\\\/non-categorise\\\/ein-monat-costa-rica-mit-offenen-augen-und-einer-kamera\\\/#primaryimage\"},\"thumbnailUrl\":\"https:\\\/\\\/dahlercostarica.com\\\/wp-content\\\/uploads\\\/2026\\\/04\\\/Emanuel-Kolb-in-Costa-Rica-auf-Dahler-Finca.jpg\",\"datePublished\":\"2026-04-30T07:00:00+00:00\",\"author\":{\"@id\":\"https:\\\/\\\/dahlercostarica.com\\\/fr\\\/#\\\/schema\\\/person\\\/f8895988daa8cc0dbcd4a00415f012af\"},\"description\":\"Don de livres, fabrique de cigares, plantation ananas et nature sauvage: Emanuel et Celina ont travers\u00e9 le Costa Rica en 4 semaines loin des sentiers battus. Un r\u00e9cit de voyage pour s'inspirer.\",\"breadcrumb\":{\"@id\":\"https:\\\/\\\/dahlercostarica.com\\\/fr\\\/non-categorise\\\/ein-monat-costa-rica-mit-offenen-augen-und-einer-kamera\\\/#breadcrumb\"},\"inLanguage\":\"fr-FR\",\"potentialAction\":[{\"@type\":\"ReadAction\",\"target\":[\"https:\\\/\\\/dahlercostarica.com\\\/fr\\\/non-categorise\\\/ein-monat-costa-rica-mit-offenen-augen-und-einer-kamera\\\/\"]}]},{\"@type\":\"ImageObject\",\"inLanguage\":\"fr-FR\",\"@id\":\"https:\\\/\\\/dahlercostarica.com\\\/fr\\\/non-categorise\\\/ein-monat-costa-rica-mit-offenen-augen-und-einer-kamera\\\/#primaryimage\",\"url\":\"https:\\\/\\\/dahlercostarica.com\\\/wp-content\\\/uploads\\\/2026\\\/04\\\/Emanuel-Kolb-in-Costa-Rica-auf-Dahler-Finca.jpg\",\"contentUrl\":\"https:\\\/\\\/dahlercostarica.com\\\/wp-content\\\/uploads\\\/2026\\\/04\\\/Emanuel-Kolb-in-Costa-Rica-auf-Dahler-Finca.jpg\",\"width\":770,\"height\":570},{\"@type\":\"BreadcrumbList\",\"@id\":\"https:\\\/\\\/dahlercostarica.com\\\/fr\\\/non-categorise\\\/ein-monat-costa-rica-mit-offenen-augen-und-einer-kamera\\\/#breadcrumb\",\"itemListElement\":[{\"@type\":\"ListItem\",\"position\":1,\"name\":\"Accueil\",\"item\":\"https:\\\/\\\/dahlercostarica.com\\\/fr\\\/\"},{\"@type\":\"ListItem\",\"position\":2,\"name\":\"Un mois au Costa Rica \u2014 avec une cam\u00e9ra, les yeux grands ouverts et aucun plan fixe\"}]},{\"@type\":\"WebSite\",\"@id\":\"https:\\\/\\\/dahlercostarica.com\\\/fr\\\/#website\",\"url\":\"https:\\\/\\\/dahlercostarica.com\\\/fr\\\/\",\"name\":\"Swiss Tropical Tourism\",\"description\":\"Reiseagentur\",\"potentialAction\":[{\"@type\":\"SearchAction\",\"target\":{\"@type\":\"EntryPoint\",\"urlTemplate\":\"https:\\\/\\\/dahlercostarica.com\\\/fr\\\/?s={search_term_string}\"},\"query-input\":{\"@type\":\"PropertyValueSpecification\",\"valueRequired\":true,\"valueName\":\"search_term_string\"}}],\"inLanguage\":\"fr-FR\"},{\"@type\":\"Person\",\"@id\":\"https:\\\/\\\/dahlercostarica.com\\\/fr\\\/#\\\/schema\\\/person\\\/f8895988daa8cc0dbcd4a00415f012af\",\"name\":\"Guillermo V\u00edquez\",\"image\":{\"@type\":\"ImageObject\",\"inLanguage\":\"fr-FR\",\"@id\":\"https:\\\/\\\/secure.gravatar.com\\\/avatar\\\/6bcce72e829259176090821a00c4cc15c3ad639efad452c991b72d72331e6e39?s=96&d=mm&r=g\",\"url\":\"https:\\\/\\\/secure.gravatar.com\\\/avatar\\\/6bcce72e829259176090821a00c4cc15c3ad639efad452c991b72d72331e6e39?s=96&d=mm&r=g\",\"contentUrl\":\"https:\\\/\\\/secure.gravatar.com\\\/avatar\\\/6bcce72e829259176090821a00c4cc15c3ad639efad452c991b72d72331e6e39?s=96&d=mm&r=g\",\"caption\":\"Guillermo V\u00edquez\"},\"url\":\"https:\\\/\\\/dahlercostarica.com\\\/fr\\\/author\\\/guillermo\\\/\"}]}<\/script>\n<!-- \/ Yoast SEO plugin. -->","yoast_head_json":{"title":"Un mois au Costa Rica \u2014 avec une cam\u00e9ra et les yeux grands ouverts","description":"Don de livres, fabrique de cigares, plantation ananas et nature sauvage: Emanuel et Celina ont travers\u00e9 le Costa Rica en 4 semaines loin des sentiers battus. Un r\u00e9cit de voyage pour s'inspirer.","robots":{"index":"index","follow":"follow","max-snippet":"max-snippet:-1","max-image-preview":"max-image-preview:large","max-video-preview":"max-video-preview:-1"},"canonical":"https:\/\/dahlercostarica.com\/fr\/non-categorise\/ein-monat-costa-rica-mit-offenen-augen-und-einer-kamera\/","og_locale":"fr_FR","og_type":"article","og_title":"Un mois au Costa Rica \u2014 avec une cam\u00e9ra et les yeux grands ouverts","og_description":"Don de livres, fabrique de cigares, plantation ananas et nature sauvage: Emanuel et Celina ont travers\u00e9 le Costa Rica en 4 semaines loin des sentiers battus. Un r\u00e9cit de voyage pour s'inspirer.","og_url":"https:\/\/dahlercostarica.com\/fr\/non-categorise\/ein-monat-costa-rica-mit-offenen-augen-und-einer-kamera\/","og_site_name":"Swiss Tropical Tourism","article_publisher":"https:\/\/www.facebook.com\/SwissTropicalTourism","article_published_time":"2026-04-30T07:00:00+00:00","og_image":[{"width":770,"height":570,"url":"https:\/\/dahlercostarica.com\/wp-content\/uploads\/2026\/04\/Emanuel-Kolb-in-Costa-Rica-auf-Dahler-Finca.jpg","type":"image\/jpeg"}],"author":"Guillermo V\u00edquez","twitter_card":"summary_large_image","twitter_misc":{"\u00c9crit par":"Guillermo V\u00edquez","Dur\u00e9e de lecture estim\u00e9e":"12 minutes"},"schema":{"@context":"https:\/\/schema.org","@graph":[{"@type":"Article","@id":"https:\/\/dahlercostarica.com\/fr\/non-categorise\/ein-monat-costa-rica-mit-offenen-augen-und-einer-kamera\/#article","isPartOf":{"@id":"https:\/\/dahlercostarica.com\/fr\/non-categorise\/ein-monat-costa-rica-mit-offenen-augen-und-einer-kamera\/"},"author":{"name":"Guillermo V\u00edquez","@id":"https:\/\/dahlercostarica.com\/fr\/#\/schema\/person\/f8895988daa8cc0dbcd4a00415f012af"},"headline":"Un mois au Costa Rica \u2014 avec une cam\u00e9ra, les yeux grands ouverts et aucun plan fixe","datePublished":"2026-04-30T07:00:00+00:00","mainEntityOfPage":{"@id":"https:\/\/dahlercostarica.com\/fr\/non-categorise\/ein-monat-costa-rica-mit-offenen-augen-und-einer-kamera\/"},"wordCount":2397,"image":{"@id":"https:\/\/dahlercostarica.com\/fr\/non-categorise\/ein-monat-costa-rica-mit-offenen-augen-und-einer-kamera\/#primaryimage"},"thumbnailUrl":"https:\/\/dahlercostarica.com\/wp-content\/uploads\/2026\/04\/Emanuel-Kolb-in-Costa-Rica-auf-Dahler-Finca.jpg","articleSection":["Non cat\u00e9goris\u00e9"],"inLanguage":"fr-FR"},{"@type":"WebPage","@id":"https:\/\/dahlercostarica.com\/fr\/non-categorise\/ein-monat-costa-rica-mit-offenen-augen-und-einer-kamera\/","url":"https:\/\/dahlercostarica.com\/fr\/non-categorise\/ein-monat-costa-rica-mit-offenen-augen-und-einer-kamera\/","name":"Un mois au Costa Rica \u2014 avec une cam\u00e9ra et les yeux grands ouverts","isPartOf":{"@id":"https:\/\/dahlercostarica.com\/fr\/#website"},"primaryImageOfPage":{"@id":"https:\/\/dahlercostarica.com\/fr\/non-categorise\/ein-monat-costa-rica-mit-offenen-augen-und-einer-kamera\/#primaryimage"},"image":{"@id":"https:\/\/dahlercostarica.com\/fr\/non-categorise\/ein-monat-costa-rica-mit-offenen-augen-und-einer-kamera\/#primaryimage"},"thumbnailUrl":"https:\/\/dahlercostarica.com\/wp-content\/uploads\/2026\/04\/Emanuel-Kolb-in-Costa-Rica-auf-Dahler-Finca.jpg","datePublished":"2026-04-30T07:00:00+00:00","author":{"@id":"https:\/\/dahlercostarica.com\/fr\/#\/schema\/person\/f8895988daa8cc0dbcd4a00415f012af"},"description":"Don de livres, fabrique de cigares, plantation ananas et nature sauvage: Emanuel et Celina ont travers\u00e9 le Costa Rica en 4 semaines loin des sentiers battus. Un r\u00e9cit de voyage pour s'inspirer.","breadcrumb":{"@id":"https:\/\/dahlercostarica.com\/fr\/non-categorise\/ein-monat-costa-rica-mit-offenen-augen-und-einer-kamera\/#breadcrumb"},"inLanguage":"fr-FR","potentialAction":[{"@type":"ReadAction","target":["https:\/\/dahlercostarica.com\/fr\/non-categorise\/ein-monat-costa-rica-mit-offenen-augen-und-einer-kamera\/"]}]},{"@type":"ImageObject","inLanguage":"fr-FR","@id":"https:\/\/dahlercostarica.com\/fr\/non-categorise\/ein-monat-costa-rica-mit-offenen-augen-und-einer-kamera\/#primaryimage","url":"https:\/\/dahlercostarica.com\/wp-content\/uploads\/2026\/04\/Emanuel-Kolb-in-Costa-Rica-auf-Dahler-Finca.jpg","contentUrl":"https:\/\/dahlercostarica.com\/wp-content\/uploads\/2026\/04\/Emanuel-Kolb-in-Costa-Rica-auf-Dahler-Finca.jpg","width":770,"height":570},{"@type":"BreadcrumbList","@id":"https:\/\/dahlercostarica.com\/fr\/non-categorise\/ein-monat-costa-rica-mit-offenen-augen-und-einer-kamera\/#breadcrumb","itemListElement":[{"@type":"ListItem","position":1,"name":"Accueil","item":"https:\/\/dahlercostarica.com\/fr\/"},{"@type":"ListItem","position":2,"name":"Un mois au Costa Rica \u2014 avec une cam\u00e9ra, les yeux grands ouverts et aucun plan fixe"}]},{"@type":"WebSite","@id":"https:\/\/dahlercostarica.com\/fr\/#website","url":"https:\/\/dahlercostarica.com\/fr\/","name":"Swiss Tropical Tourism","description":"Reiseagentur","potentialAction":[{"@type":"SearchAction","target":{"@type":"EntryPoint","urlTemplate":"https:\/\/dahlercostarica.com\/fr\/?s={search_term_string}"},"query-input":{"@type":"PropertyValueSpecification","valueRequired":true,"valueName":"search_term_string"}}],"inLanguage":"fr-FR"},{"@type":"Person","@id":"https:\/\/dahlercostarica.com\/fr\/#\/schema\/person\/f8895988daa8cc0dbcd4a00415f012af","name":"Guillermo V\u00edquez","image":{"@type":"ImageObject","inLanguage":"fr-FR","@id":"https:\/\/secure.gravatar.com\/avatar\/6bcce72e829259176090821a00c4cc15c3ad639efad452c991b72d72331e6e39?s=96&d=mm&r=g","url":"https:\/\/secure.gravatar.com\/avatar\/6bcce72e829259176090821a00c4cc15c3ad639efad452c991b72d72331e6e39?s=96&d=mm&r=g","contentUrl":"https:\/\/secure.gravatar.com\/avatar\/6bcce72e829259176090821a00c4cc15c3ad639efad452c991b72d72331e6e39?s=96&d=mm&r=g","caption":"Guillermo V\u00edquez"},"url":"https:\/\/dahlercostarica.com\/fr\/author\/guillermo\/"}]}},"_links":{"self":[{"href":"https:\/\/dahlercostarica.com\/fr\/wp-json\/wp\/v2\/posts\/9854","targetHints":{"allow":["GET"]}}],"collection":[{"href":"https:\/\/dahlercostarica.com\/fr\/wp-json\/wp\/v2\/posts"}],"about":[{"href":"https:\/\/dahlercostarica.com\/fr\/wp-json\/wp\/v2\/types\/post"}],"author":[{"embeddable":true,"href":"https:\/\/dahlercostarica.com\/fr\/wp-json\/wp\/v2\/users\/2"}],"replies":[{"embeddable":true,"href":"https:\/\/dahlercostarica.com\/fr\/wp-json\/wp\/v2\/comments?post=9854"}],"version-history":[{"count":2,"href":"https:\/\/dahlercostarica.com\/fr\/wp-json\/wp\/v2\/posts\/9854\/revisions"}],"predecessor-version":[{"id":9857,"href":"https:\/\/dahlercostarica.com\/fr\/wp-json\/wp\/v2\/posts\/9854\/revisions\/9857"}],"wp:featuredmedia":[{"embeddable":true,"href":"https:\/\/dahlercostarica.com\/fr\/wp-json\/wp\/v2\/media\/9853"}],"wp:attachment":[{"href":"https:\/\/dahlercostarica.com\/fr\/wp-json\/wp\/v2\/media?parent=9854"}],"wp:term":[{"taxonomy":"category","embeddable":true,"href":"https:\/\/dahlercostarica.com\/fr\/wp-json\/wp\/v2\/categories?post=9854"},{"taxonomy":"post_tag","embeddable":true,"href":"https:\/\/dahlercostarica.com\/fr\/wp-json\/wp\/v2\/tags?post=9854"}],"curies":[{"name":"wp","href":"https:\/\/api.w.org\/{rel}","templated":true}]}}